{"id":1499,"date":"2020-02-06T20:29:01","date_gmt":"2020-02-06T20:29:01","guid":{"rendered":"https:\/\/quebichotemordeu.com\/cantinho\/?p=1499"},"modified":"2020-02-06T20:29:01","modified_gmt":"2020-02-06T20:29:01","slug":"todas-as-pessoas-da-cidade-no-caderno-de-jason","status":"publish","type":"post","link":"https:\/\/quebichotemordeu.com\/cantinho\/2020\/02\/06\/todas-as-pessoas-da-cidade-no-caderno-de-jason\/","title":{"rendered":"Todas as pessoas da cidade no caderno de Jason"},"content":{"rendered":"<h3 style=\"text-align: left\"><em>Jason Polan est\u00e1 parado numa esquina enquanto a cidade se move como um organismo vivo. \u00c9 isso que o atrai nas cidades. Gente atarefada, entrando nos escrit\u00f3rios, saindo das esta\u00e7\u00f5es de metro, subindo elevadores, chegando a casa, despachando sandes e sopas ao almo\u00e7o, buzinando no sem\u00e1foro e correndo para ultrapassar o tempo.<\/em><\/h3>\n<p style=\"text-align: center\"><strong><span style=\"font-size: 12pt;color: #841cd4\">**<\/span><\/strong><\/p>\n<p>Vistos da sua esquina, s\u00e3o pessoas andando de l\u00e1 para c\u00e1, cruzando-se entre elas e continuando o seu percurso cronometrado com objetivos, compromissos, resultados e metas. N\u00e3o divergem assim tanto das art\u00e9rias dos organismos a transportarem nutrientes, oxig\u00e9nio, vitaminas e tudo o que for necess\u00e1rio para a m\u00e1quina continuar a pulsar.<\/p>\n<p>As cidades nunca est\u00e3o paradas, tudo se desfaz no instante a seguir para dar lugar a um outro instante. Jason Polan era um colecionador desses instantes que as cidades t\u00e3o depressa produzem como destroem. Ele sabia qu\u00e3o r\u00e1pido tinha de ser para agarr\u00e1-los em tra\u00e7os acelerados e despachados.<\/p>\n<p><img loading=\"lazy\" decoding=\"async\" class=\" wp-image-1501 alignleft\" src=\"https:\/\/quebichotemordeu.com\/cantinho\/wp-content\/uploads\/sites\/2\/2020\/02\/878.-Man-blowing-bubbles-on-Canal-Street-5-19-2010-1-261x300.jpg\" alt=\"\" width=\"333\" height=\"382\" srcset=\"https:\/\/quebichotemordeu.com\/cantinho\/wp-content\/uploads\/sites\/2\/2020\/02\/878.-Man-blowing-bubbles-on-Canal-Street-5-19-2010-1-261x300.jpg 261w, https:\/\/quebichotemordeu.com\/cantinho\/wp-content\/uploads\/sites\/2\/2020\/02\/878.-Man-blowing-bubbles-on-Canal-Street-5-19-2010-1.jpg 530w\" sizes=\"auto, (max-width: 333px) 100vw, 333px\" \/><\/p>\n<p><img loading=\"lazy\" decoding=\"async\" class=\" wp-image-1503 alignleft\" src=\"https:\/\/quebichotemordeu.com\/cantinho\/wp-content\/uploads\/sites\/2\/2020\/02\/Man-sleeping-on-Downtown-6-Train-6-3-2010-1-227x300.jpg\" alt=\"\" width=\"300\" height=\"397\" srcset=\"https:\/\/quebichotemordeu.com\/cantinho\/wp-content\/uploads\/sites\/2\/2020\/02\/Man-sleeping-on-Downtown-6-Train-6-3-2010-1-227x300.jpg 227w, https:\/\/quebichotemordeu.com\/cantinho\/wp-content\/uploads\/sites\/2\/2020\/02\/Man-sleeping-on-Downtown-6-Train-6-3-2010-1.jpg 530w\" sizes=\"auto, (max-width: 300px) 100vw, 300px\" \/><img loading=\"lazy\" decoding=\"async\" class=\"wp-image-1502 aligncenter\" src=\"https:\/\/quebichotemordeu.com\/cantinho\/wp-content\/uploads\/sites\/2\/2020\/02\/C.S.-Ledbetter-III-at-the-post-office-1-209x300.jpg\" alt=\"\" width=\"325\" height=\"466\" srcset=\"https:\/\/quebichotemordeu.com\/cantinho\/wp-content\/uploads\/sites\/2\/2020\/02\/C.S.-Ledbetter-III-at-the-post-office-1-209x300.jpg 209w, https:\/\/quebichotemordeu.com\/cantinho\/wp-content\/uploads\/sites\/2\/2020\/02\/C.S.-Ledbetter-III-at-the-post-office-1.jpg 530w\" sizes=\"auto, (max-width: 325px) 100vw, 325px\" \/><\/p>\n<p>Todos os dias, ele desceu \u00e0s ruas de Nova Iorque para desenhar estas pessoas que fazem girar a m\u00e1quina. Apanhou-as a dormir nos transportes p\u00fablicos, a mendigar na rua, a ler o jornal na esplanada, a comerem bolachas enquanto escrevinham, a darem de comer aos pombos, a contemplarem a arte nos museus, a falarem ao telem\u00f3vel, a rirem com os amigos, a esperarem pelo comboio, a transportarem pinheiros de Natal ou no banco do jardim sem tema de conversa.<\/p>\n<p><img loading=\"lazy\" decoding=\"async\" class=\"wp-image-1513 alignnone\" src=\"https:\/\/quebichotemordeu.com\/cantinho\/wp-content\/uploads\/sites\/2\/2020\/02\/woman_taking_picture_of_her_reflection_at_the_museum_of_modern_art_4-21-2012-1-300x200.jpg\" alt=\"\" width=\"367\" height=\"244\" srcset=\"https:\/\/quebichotemordeu.com\/cantinho\/wp-content\/uploads\/sites\/2\/2020\/02\/woman_taking_picture_of_her_reflection_at_the_museum_of_modern_art_4-21-2012-1-300x200.jpg 300w, https:\/\/quebichotemordeu.com\/cantinho\/wp-content\/uploads\/sites\/2\/2020\/02\/woman_taking_picture_of_her_reflection_at_the_museum_of_modern_art_4-21-2012-1-768x512.jpg 768w, https:\/\/quebichotemordeu.com\/cantinho\/wp-content\/uploads\/sites\/2\/2020\/02\/woman_taking_picture_of_her_reflection_at_the_museum_of_modern_art_4-21-2012-1.jpg 800w\" sizes=\"auto, (max-width: 367px) 100vw, 367px\" \/><\/p>\n<p>Jason guardou milhares de instantes urbanos no bloco de notas. E outros tantos milhares planeava guardar n\u00e3o tivesse sido travado aos 37 anos por um cancro do c\u00f3lon que o afastou para sempre das cidades no dia 27 de janeiro deste ano. O objetivo dele era desenhar todas as pessoas de Nova Iorque \u2013 imaginem todas as pessoas de uma megacidade com 8,6 milh\u00f5es de habitantes. Todas as pessoas teriam o seu instante cristalizado numa folha A5 que ele foi mostrando regularmente no seu blogue <strong><a href=\"http:\/\/everypersoninnewyork.blogspot.com\/\" target=\"_blank\" rel=\"noopener noreferrer\">Every Person in New York<\/a>.<\/strong><\/p>\n<p><img loading=\"lazy\" decoding=\"async\" class=\"wp-image-1505 aligncenter\" src=\"https:\/\/quebichotemordeu.com\/cantinho\/wp-content\/uploads\/sites\/2\/2020\/02\/250517-jason-polan-uniqlo-4-590x485-1-1-300x247.jpg\" alt=\"\" width=\"352\" height=\"290\" srcset=\"https:\/\/quebichotemordeu.com\/cantinho\/wp-content\/uploads\/sites\/2\/2020\/02\/250517-jason-polan-uniqlo-4-590x485-1-1-300x247.jpg 300w, https:\/\/quebichotemordeu.com\/cantinho\/wp-content\/uploads\/sites\/2\/2020\/02\/250517-jason-polan-uniqlo-4-590x485-1-1.jpg 590w\" sizes=\"auto, (max-width: 352px) 100vw, 352px\" \/><img loading=\"lazy\" decoding=\"async\" class=\"wp-image-1504 aligncenter\" src=\"https:\/\/quebichotemordeu.com\/cantinho\/wp-content\/uploads\/sites\/2\/2020\/02\/22-People-with-an-umbrella-on-3rd-Avenue-5-12-2010-1-300x300.jpg\" alt=\"\" width=\"356\" height=\"356\" srcset=\"https:\/\/quebichotemordeu.com\/cantinho\/wp-content\/uploads\/sites\/2\/2020\/02\/22-People-with-an-umbrella-on-3rd-Avenue-5-12-2010-1-300x300.jpg 300w, https:\/\/quebichotemordeu.com\/cantinho\/wp-content\/uploads\/sites\/2\/2020\/02\/22-People-with-an-umbrella-on-3rd-Avenue-5-12-2010-1-150x150.jpg 150w, https:\/\/quebichotemordeu.com\/cantinho\/wp-content\/uploads\/sites\/2\/2020\/02\/22-People-with-an-umbrella-on-3rd-Avenue-5-12-2010-1.jpg 530w\" sizes=\"auto, (max-width: 356px) 100vw, 356px\" \/><\/p>\n<p>Em 2015, j\u00e1 tinha qualquer coisa como 30 mil pessoas no <a href=\"https:\/\/www.amazon.com\/Every-Person-York-Jason-Polan\/dp\/1452128235\" target=\"_blank\" rel=\"noopener noreferrer\"><strong>livro<\/strong> <\/a>lan\u00e7ado com o mesmo t\u00edtulo do blogue. E continuou a desenhar nos anos seguintes, publicando pela \u00faltima vez no dia 16 de dezembro de 2019. At\u00e9 esse dia, esteve todos os dias a desenhar pelas ruas de Nova Iorque. Em muitos desses instantes, os nova iorquinos n\u00e3o deram pela presen\u00e7a dele, mas houve qualquer coisa neles que chamou a aten\u00e7\u00e3o dele.<\/p>\n<p>Noutros casos, os encontros foram previamente acordados. Quem conhecia o seu trabalho podia pedir para ser desenhado. Bastava enviar-lhe um email e marcar com anteced\u00eancia o dia, a hora, o local e descrevendo tamb\u00e9m a roupa que levaria. Podia ser no intervalo do almo\u00e7o ou ao fim de um dia de trabalho. Ele estaria l\u00e1, como combinado, mas manter-se-ia \u00e0 dist\u00e2ncia.<\/p>\n<p><img loading=\"lazy\" decoding=\"async\" class=\" wp-image-1506 aligncenter\" src=\"https:\/\/quebichotemordeu.com\/cantinho\/wp-content\/uploads\/sites\/2\/2020\/02\/polan-taco-bell-1-300x235.jpg\" alt=\"\" width=\"555\" height=\"435\" srcset=\"https:\/\/quebichotemordeu.com\/cantinho\/wp-content\/uploads\/sites\/2\/2020\/02\/polan-taco-bell-1-300x235.jpg 300w, https:\/\/quebichotemordeu.com\/cantinho\/wp-content\/uploads\/sites\/2\/2020\/02\/polan-taco-bell-1-1024x801.jpg 1024w, https:\/\/quebichotemordeu.com\/cantinho\/wp-content\/uploads\/sites\/2\/2020\/02\/polan-taco-bell-1-768x601.jpg 768w, https:\/\/quebichotemordeu.com\/cantinho\/wp-content\/uploads\/sites\/2\/2020\/02\/polan-taco-bell-1.jpg 1211w\" sizes=\"auto, (max-width: 555px) 100vw, 555px\" \/><\/p>\n<p>Fazia o poss\u00edvel para n\u00e3o ser notado, embora ao longo destes anos, muitas c\u00e2maras fotogr\u00e1ficas e de v\u00eddeo o tenham captado concentrado nos seus desenhos. E procurava tamb\u00e9m n\u00e3o interferir com a rotina do nova iorquino. Dois minutos, no m\u00e1ximo, era o que precisava antes de ambos prosseguirem os seus caminhos e desaparecerem no anonimato da cidade.<\/p>\n<p><img loading=\"lazy\" decoding=\"async\" class=\"wp-image-1507 aligncenter\" src=\"https:\/\/quebichotemordeu.com\/cantinho\/wp-content\/uploads\/sites\/2\/2020\/02\/963.Woman-at-Veselka-with-her-dog-6-20-2010-1-300x239.jpeg\" alt=\"\" width=\"400\" height=\"319\" srcset=\"https:\/\/quebichotemordeu.com\/cantinho\/wp-content\/uploads\/sites\/2\/2020\/02\/963.Woman-at-Veselka-with-her-dog-6-20-2010-1-300x239.jpeg 300w, https:\/\/quebichotemordeu.com\/cantinho\/wp-content\/uploads\/sites\/2\/2020\/02\/963.Woman-at-Veselka-with-her-dog-6-20-2010-1.jpeg 530w\" sizes=\"auto, (max-width: 400px) 100vw, 400px\" \/><\/p>\n<p>O resultado daquele encontro acabaria, dias mais tarde, publicado no seu blogue. E o resultado era aquele instante capaz de concentrar as hist\u00f3rias de cada habitante da cidade.<\/p>\n<p><img loading=\"lazy\" decoding=\"async\" class=\" wp-image-1508 aligncenter\" src=\"https:\/\/quebichotemordeu.com\/cantinho\/wp-content\/uploads\/sites\/2\/2020\/02\/Boba-Fett-Man-in-Union-Square-Train-Station-1-20-2010-1-300x295.jpg\" alt=\"\" width=\"332\" height=\"326\" srcset=\"https:\/\/quebichotemordeu.com\/cantinho\/wp-content\/uploads\/sites\/2\/2020\/02\/Boba-Fett-Man-in-Union-Square-Train-Station-1-20-2010-1-300x295.jpg 300w, https:\/\/quebichotemordeu.com\/cantinho\/wp-content\/uploads\/sites\/2\/2020\/02\/Boba-Fett-Man-in-Union-Square-Train-Station-1-20-2010-1.jpg 530w\" sizes=\"auto, (max-width: 332px) 100vw, 332px\" \/><\/p>\n<p>Essas mesmas hist\u00f3rias levadas para tr\u00e1s e para a frente sem mais ningu\u00e9m se aperceber do peso (ou da leveza), do significado (ou da banalidade) e das emo\u00e7\u00f5es (ou do alheamento) que representam para cada um.<\/p>\n<p><img loading=\"lazy\" decoding=\"async\" class=\"wp-image-1518 aligncenter\" src=\"https:\/\/quebichotemordeu.com\/cantinho\/wp-content\/uploads\/sites\/2\/2020\/02\/9442.-Woman-in-restaurant-on-73-and-3-11-8-2019-1-188x300.jpg\" alt=\"\" width=\"227\" height=\"362\" srcset=\"https:\/\/quebichotemordeu.com\/cantinho\/wp-content\/uploads\/sites\/2\/2020\/02\/9442.-Woman-in-restaurant-on-73-and-3-11-8-2019-1-188x300.jpg 188w, https:\/\/quebichotemordeu.com\/cantinho\/wp-content\/uploads\/sites\/2\/2020\/02\/9442.-Woman-in-restaurant-on-73-and-3-11-8-2019-1-642x1024.jpg 642w, https:\/\/quebichotemordeu.com\/cantinho\/wp-content\/uploads\/sites\/2\/2020\/02\/9442.-Woman-in-restaurant-on-73-and-3-11-8-2019-1.jpg 700w\" sizes=\"auto, (max-width: 227px) 100vw, 227px\" \/><img loading=\"lazy\" decoding=\"async\" class=\"wp-image-1519 aligncenter\" src=\"https:\/\/quebichotemordeu.com\/cantinho\/wp-content\/uploads\/sites\/2\/2020\/02\/9443.-Woman-in-restaurant-on-73rd-and-3-11-8-2019-1-259x300.jpg\" alt=\"\" width=\"331\" height=\"383\" srcset=\"https:\/\/quebichotemordeu.com\/cantinho\/wp-content\/uploads\/sites\/2\/2020\/02\/9443.-Woman-in-restaurant-on-73rd-and-3-11-8-2019-1-259x300.jpg 259w, https:\/\/quebichotemordeu.com\/cantinho\/wp-content\/uploads\/sites\/2\/2020\/02\/9443.-Woman-in-restaurant-on-73rd-and-3-11-8-2019-1.jpg 700w\" sizes=\"auto, (max-width: 331px) 100vw, 331px\" \/><\/p>\n<p>Os dedos irrequietos a teclar no telem\u00f3vel, o olhar ausente a atravessar a estrada, o cansa\u00e7o a dormitar no comboio, a cabe\u00e7a apoiada no bra\u00e7o, a m\u00e3o estendida ou desca\u00edda, o passo apressado ou arrastado, as rugas, o sobrolho, os t\u00e9nis rasgados, a transpira\u00e7\u00e3o ou cigarro na ponta dos dedos.<\/p>\n<p><img loading=\"lazy\" decoding=\"async\" class=\"alignnone wp-image-1516\" src=\"https:\/\/quebichotemordeu.com\/cantinho\/wp-content\/uploads\/sites\/2\/2020\/02\/9446.-Man-on-E-Train-11-11-2019-1-300x217.jpg\" alt=\"\" width=\"379\" height=\"274\" srcset=\"https:\/\/quebichotemordeu.com\/cantinho\/wp-content\/uploads\/sites\/2\/2020\/02\/9446.-Man-on-E-Train-11-11-2019-1-300x217.jpg 300w, https:\/\/quebichotemordeu.com\/cantinho\/wp-content\/uploads\/sites\/2\/2020\/02\/9446.-Man-on-E-Train-11-11-2019-1.jpg 724w\" sizes=\"auto, (max-width: 379px) 100vw, 379px\" \/><img loading=\"lazy\" decoding=\"async\" class=\"alignnone size-medium wp-image-1517\" src=\"https:\/\/quebichotemordeu.com\/cantinho\/wp-content\/uploads\/sites\/2\/2020\/02\/9444.-Alec-Soth-on-71st-and-Lexington-11-10-2019-1-246x300.jpg\" alt=\"\" width=\"246\" height=\"300\" srcset=\"https:\/\/quebichotemordeu.com\/cantinho\/wp-content\/uploads\/sites\/2\/2020\/02\/9444.-Alec-Soth-on-71st-and-Lexington-11-10-2019-1-246x300.jpg 246w, https:\/\/quebichotemordeu.com\/cantinho\/wp-content\/uploads\/sites\/2\/2020\/02\/9444.-Alec-Soth-on-71st-and-Lexington-11-10-2019-1.jpg 750w\" sizes=\"auto, (max-width: 246px) 100vw, 246px\" \/><\/p>\n<p>Jason Polan cristalizou as hist\u00f3rias de cada nova iorquino. Transformou instantes ef\u00e9meros em tra\u00e7os eternos. E ficou, por fim, cristalizado na mem\u00f3ria da cidade.<\/p>\n<p><img loading=\"lazy\" decoding=\"async\" class=\"alignnone size-medium wp-image-1509\" src=\"https:\/\/quebichotemordeu.com\/cantinho\/wp-content\/uploads\/sites\/2\/2020\/02\/jasonpolan-1-300x280.jpg\" alt=\"\" width=\"300\" height=\"280\" srcset=\"https:\/\/quebichotemordeu.com\/cantinho\/wp-content\/uploads\/sites\/2\/2020\/02\/jasonpolan-1-300x280.jpg 300w, https:\/\/quebichotemordeu.com\/cantinho\/wp-content\/uploads\/sites\/2\/2020\/02\/jasonpolan-1.jpg 600w\" sizes=\"auto, (max-width: 300px) 100vw, 300px\" \/><\/p>\n<h5 class=\"_3vbdr sc-dfVpRl jZZncJ\"><strong><span class=\"-KXLs\">All Day Pass with Jason Polan (<\/span>Noah Kalina)<\/strong><\/h5>\n[vimeo url=&#8221;https:\/\/vimeo.com\/40814455&#8243; width=&#8221;600&#8243; height=&#8221;400&#8243; responsive=&#8221;yes&#8221; autoplay=&#8221;no&#8221; mute=&#8221;no&#8221; dnt=&#8221;no&#8221;]\n<p><strong><img loading=\"lazy\" decoding=\"async\" class=\"wp-image-1532 alignnone\" src=\"https:\/\/quebichotemordeu.com\/cantinho\/wp-content\/uploads\/sites\/2\/2020\/02\/bicho-sem-letras-1-300x290.png\" alt=\"\" width=\"39\" height=\"37\" srcset=\"https:\/\/quebichotemordeu.com\/cantinho\/wp-content\/uploads\/sites\/2\/2020\/02\/bicho-sem-letras-1-300x290.png 300w, https:\/\/quebichotemordeu.com\/cantinho\/wp-content\/uploads\/sites\/2\/2020\/02\/bicho-sem-letras-1-1024x991.png 1024w, https:\/\/quebichotemordeu.com\/cantinho\/wp-content\/uploads\/sites\/2\/2020\/02\/bicho-sem-letras-1-768x743.png 768w, https:\/\/quebichotemordeu.com\/cantinho\/wp-content\/uploads\/sites\/2\/2020\/02\/bicho-sem-letras-1.png 1041w\" sizes=\"auto, (max-width: 39px) 100vw, 39px\" \/>Nota final<\/strong>: Jason Polan \u00e9 um <strong><a href=\"https:\/\/quebichotemordeu.com\/bichos-carpinteiros\/\" target=\"_blank\" rel=\"noopener noreferrer\">bicho-carpinteiro<\/a><\/strong> do site <strong><a href=\"https:\/\/quebichotemordeu.com\/\" target=\"_blank\" rel=\"noopener noreferrer\">quebichotemordeu<\/a><\/strong>. Estava na lista para ser escrito e publicado em breve. Mas, ao sermos surpreendidos com a not\u00edcia da sua morte, migrou para o blogue Cantinho dos Pap\u00e1s. N\u00e3o \u00e9 porque as crian\u00e7as devam ser privadas da hist\u00f3ria dele. Pelo contr\u00e1rio. O seu percurso est\u00e1 carregado de humor e de momentos de generosidade que ofereceu a quem se cruzou com ele. \u00c9 sobretudo porque a morte \u00e9 um tema complicado. Se o \u00e9 para os adultos&#8230;<\/p>\n<p>E n\u00e3o \u00e9 tamb\u00e9m porque a morte \u00e9 um assunto tabu para as crian\u00e7as. \u00c9 somente porque s\u00e3o os pais e os educadores que devem escolher o momento e a forma de o fazer. O texto sobre Jason leva-nos a fazer perguntas para as quais nem sempre temos respostas. Pelo menos, respostas prontas na ponta da l\u00edngua. Embora, digam os especialistas, n\u00e3o fa\u00e7a mal nenhum admitir \u00e0s crian\u00e7as que h\u00e1 certas perguntas para as quais n\u00e3o sabemos ou n\u00e3o temos a certeza das respostas.<\/p>\n<p style=\"text-align: center\"><strong><span style=\"font-size: 12pt;color: #841cd4\">**<\/span><\/strong><\/p>\n<h5><strong>Cr\u00e9ditos<\/strong><\/h5>\n<p><strong>Foto de abertura<\/strong>: frame do v\u00eddeo de <a href=\"https:\/\/vimeo.com\/user3082254\" target=\"_blank\" rel=\"noopener noreferrer\">Wilson Cameron<\/a><\/p>\n<p><strong>Desenhos<\/strong>: Jason Polan<\/p>\n","protected":false},"excerpt":{"rendered":"<p>Todos os dias, Jason Polan desceu \u00e0s ruas de Nova Iorque para desenhar as pessoas que fazem pulsar as cidades.<\/p>\n","protected":false},"author":1,"featured_media":1510,"comment_status":"open","ping_status":"open","sticky":false,"template":"","format":"standard","meta":{"footnotes":""},"categories":[1],"tags":[],"class_list":{"0":"post-1499","1":"post","2":"type-post","3":"status-publish","4":"format-standard","5":"has-post-thumbnail","7":"category-sem-categoria"},"yoast_head":"<!-- This site is optimized with the Yoast SEO plugin v24.6 - https:\/\/yoast.com\/wordpress\/plugins\/seo\/ -->\n<title>Todas as pessoas da cidade no caderno de Jason - O cantinho dos Pap\u00e1s<\/title>\n<meta name=\"description\" content=\"Todos os dias, Jason Polan desceu \u00e0s ruas para desenhar as pessoas que fazem pulsar as cidades. Transformou instantes ef\u00e9meros em tra\u00e7os eternos.\" \/>\n<meta name=\"robots\" content=\"index, follow, max-snippet:-1, max-image-preview:large, max-video-preview:-1\" \/>\n<link rel=\"canonical\" href=\"https:\/\/quebichotemordeu.com\/cantinho\/2020\/02\/06\/todas-as-pessoas-da-cidade-no-caderno-de-jason\/\" \/>\n<meta property=\"og:locale\" content=\"pt_PT\" \/>\n<meta property=\"og:type\" content=\"article\" \/>\n<meta property=\"og:title\" content=\"Todas as pessoas da cidade no caderno de Jason - O cantinho dos Pap\u00e1s\" \/>\n<meta property=\"og:description\" content=\"Todos os dias, Jason Polan desceu \u00e0s ruas para desenhar as pessoas que fazem pulsar as cidades. Transformou instantes ef\u00e9meros em tra\u00e7os eternos.\" \/>\n<meta property=\"og:url\" content=\"https:\/\/quebichotemordeu.com\/cantinho\/2020\/02\/06\/todas-as-pessoas-da-cidade-no-caderno-de-jason\/\" \/>\n<meta property=\"og:site_name\" content=\"O cantinho dos Pap\u00e1s\" \/>\n<meta property=\"article:published_time\" content=\"2020-02-06T20:29:01+00:00\" \/>\n<meta property=\"og:image\" content=\"https:\/\/quebichotemordeu.com\/cantinho\/wp-content\/uploads\/sites\/2\/2020\/02\/jason-polan-1.png\" \/>\n\t<meta property=\"og:image:width\" content=\"950\" \/>\n\t<meta property=\"og:image:height\" content=\"534\" \/>\n\t<meta property=\"og:image:type\" content=\"image\/png\" \/>\n<meta name=\"author\" content=\"bichoqueconta\" \/>\n<meta name=\"twitter:card\" content=\"summary_large_image\" \/>\n<meta name=\"twitter:label1\" content=\"Escrito por\" \/>\n\t<meta name=\"twitter:data1\" content=\"bichoqueconta\" \/>\n\t<meta name=\"twitter:label2\" content=\"Tempo estimado de leitura\" \/>\n\t<meta name=\"twitter:data2\" content=\"5 minutos\" \/>\n<script type=\"application\/ld+json\" class=\"yoast-schema-graph\">{\"@context\":\"https:\/\/schema.org\",\"@graph\":[{\"@type\":\"WebPage\",\"@id\":\"https:\/\/quebichotemordeu.com\/cantinho\/2020\/02\/06\/todas-as-pessoas-da-cidade-no-caderno-de-jason\/\",\"url\":\"https:\/\/quebichotemordeu.com\/cantinho\/2020\/02\/06\/todas-as-pessoas-da-cidade-no-caderno-de-jason\/\",\"name\":\"Todas as pessoas da cidade no caderno de Jason - O cantinho dos Pap\u00e1s\",\"isPartOf\":{\"@id\":\"https:\/\/quebichotemordeu.com\/cantinho\/#website\"},\"primaryImageOfPage\":{\"@id\":\"https:\/\/quebichotemordeu.com\/cantinho\/2020\/02\/06\/todas-as-pessoas-da-cidade-no-caderno-de-jason\/#primaryimage\"},\"image\":{\"@id\":\"https:\/\/quebichotemordeu.com\/cantinho\/2020\/02\/06\/todas-as-pessoas-da-cidade-no-caderno-de-jason\/#primaryimage\"},\"thumbnailUrl\":\"https:\/\/quebichotemordeu.com\/cantinho\/wp-content\/uploads\/sites\/2\/2020\/02\/jason-polan-1.png\",\"datePublished\":\"2020-02-06T20:29:01+00:00\",\"author\":{\"@id\":\"https:\/\/quebichotemordeu.com\/cantinho\/#\/schema\/person\/c3e593a126ac162509df725c2a64f34e\"},\"description\":\"Todos os dias, Jason Polan desceu \u00e0s ruas para desenhar as pessoas que fazem pulsar as cidades. Transformou instantes ef\u00e9meros em tra\u00e7os eternos.\",\"breadcrumb\":{\"@id\":\"https:\/\/quebichotemordeu.com\/cantinho\/2020\/02\/06\/todas-as-pessoas-da-cidade-no-caderno-de-jason\/#breadcrumb\"},\"inLanguage\":\"pt-PT\",\"potentialAction\":[{\"@type\":\"ReadAction\",\"target\":[\"https:\/\/quebichotemordeu.com\/cantinho\/2020\/02\/06\/todas-as-pessoas-da-cidade-no-caderno-de-jason\/\"]}]},{\"@type\":\"ImageObject\",\"inLanguage\":\"pt-PT\",\"@id\":\"https:\/\/quebichotemordeu.com\/cantinho\/2020\/02\/06\/todas-as-pessoas-da-cidade-no-caderno-de-jason\/#primaryimage\",\"url\":\"https:\/\/quebichotemordeu.com\/cantinho\/wp-content\/uploads\/sites\/2\/2020\/02\/jason-polan-1.png\",\"contentUrl\":\"https:\/\/quebichotemordeu.com\/cantinho\/wp-content\/uploads\/sites\/2\/2020\/02\/jason-polan-1.png\",\"width\":950,\"height\":534},{\"@type\":\"BreadcrumbList\",\"@id\":\"https:\/\/quebichotemordeu.com\/cantinho\/2020\/02\/06\/todas-as-pessoas-da-cidade-no-caderno-de-jason\/#breadcrumb\",\"itemListElement\":[{\"@type\":\"ListItem\",\"position\":1,\"name\":\"In\u00edcio\",\"item\":\"https:\/\/quebichotemordeu.com\/cantinho\/\"},{\"@type\":\"ListItem\",\"position\":2,\"name\":\"Todas as pessoas da cidade no caderno de Jason\"}]},{\"@type\":\"WebSite\",\"@id\":\"https:\/\/quebichotemordeu.com\/cantinho\/#website\",\"url\":\"https:\/\/quebichotemordeu.com\/cantinho\/\",\"name\":\"O cantinho dos Pap\u00e1s\",\"description\":\"Mais um site Sites de Que Bicho Te Mordeu\",\"potentialAction\":[{\"@type\":\"SearchAction\",\"target\":{\"@type\":\"EntryPoint\",\"urlTemplate\":\"https:\/\/quebichotemordeu.com\/cantinho\/?s={search_term_string}\"},\"query-input\":{\"@type\":\"PropertyValueSpecification\",\"valueRequired\":true,\"valueName\":\"search_term_string\"}}],\"inLanguage\":\"pt-PT\"},{\"@type\":\"Person\",\"@id\":\"https:\/\/quebichotemordeu.com\/cantinho\/#\/schema\/person\/c3e593a126ac162509df725c2a64f34e\",\"name\":\"bichoqueconta\",\"image\":{\"@type\":\"ImageObject\",\"inLanguage\":\"pt-PT\",\"@id\":\"https:\/\/quebichotemordeu.com\/cantinho\/#\/schema\/person\/image\/\",\"url\":\"https:\/\/secure.gravatar.com\/avatar\/f706a31c77b384c6cbd7ab1ac1a751991857ea60dc7954081b886fb7403546a9?s=96&d=mm&r=g\",\"contentUrl\":\"https:\/\/secure.gravatar.com\/avatar\/f706a31c77b384c6cbd7ab1ac1a751991857ea60dc7954081b886fb7403546a9?s=96&d=mm&r=g\",\"caption\":\"bichoqueconta\"},\"sameAs\":[\"https:\/\/quebichotemordeu.com\"],\"url\":\"https:\/\/quebichotemordeu.com\/cantinho\/author\/bichoqueconta\/\"}]}<\/script>\n<!-- \/ Yoast SEO plugin. -->","yoast_head_json":{"title":"Todas as pessoas da cidade no caderno de Jason - O cantinho dos Pap\u00e1s","description":"Todos os dias, Jason Polan desceu \u00e0s ruas para desenhar as pessoas que fazem pulsar as cidades. Transformou instantes ef\u00e9meros em tra\u00e7os eternos.","robots":{"index":"index","follow":"follow","max-snippet":"max-snippet:-1","max-image-preview":"max-image-preview:large","max-video-preview":"max-video-preview:-1"},"canonical":"https:\/\/quebichotemordeu.com\/cantinho\/2020\/02\/06\/todas-as-pessoas-da-cidade-no-caderno-de-jason\/","og_locale":"pt_PT","og_type":"article","og_title":"Todas as pessoas da cidade no caderno de Jason - O cantinho dos Pap\u00e1s","og_description":"Todos os dias, Jason Polan desceu \u00e0s ruas para desenhar as pessoas que fazem pulsar as cidades. Transformou instantes ef\u00e9meros em tra\u00e7os eternos.","og_url":"https:\/\/quebichotemordeu.com\/cantinho\/2020\/02\/06\/todas-as-pessoas-da-cidade-no-caderno-de-jason\/","og_site_name":"O cantinho dos Pap\u00e1s","article_published_time":"2020-02-06T20:29:01+00:00","og_image":[{"width":950,"height":534,"url":"https:\/\/quebichotemordeu.com\/cantinho\/wp-content\/uploads\/sites\/2\/2020\/02\/jason-polan-1.png","type":"image\/png"}],"author":"bichoqueconta","twitter_card":"summary_large_image","twitter_misc":{"Escrito por":"bichoqueconta","Tempo estimado de leitura":"5 minutos"},"schema":{"@context":"https:\/\/schema.org","@graph":[{"@type":"WebPage","@id":"https:\/\/quebichotemordeu.com\/cantinho\/2020\/02\/06\/todas-as-pessoas-da-cidade-no-caderno-de-jason\/","url":"https:\/\/quebichotemordeu.com\/cantinho\/2020\/02\/06\/todas-as-pessoas-da-cidade-no-caderno-de-jason\/","name":"Todas as pessoas da cidade no caderno de Jason - O cantinho dos Pap\u00e1s","isPartOf":{"@id":"https:\/\/quebichotemordeu.com\/cantinho\/#website"},"primaryImageOfPage":{"@id":"https:\/\/quebichotemordeu.com\/cantinho\/2020\/02\/06\/todas-as-pessoas-da-cidade-no-caderno-de-jason\/#primaryimage"},"image":{"@id":"https:\/\/quebichotemordeu.com\/cantinho\/2020\/02\/06\/todas-as-pessoas-da-cidade-no-caderno-de-jason\/#primaryimage"},"thumbnailUrl":"https:\/\/quebichotemordeu.com\/cantinho\/wp-content\/uploads\/sites\/2\/2020\/02\/jason-polan-1.png","datePublished":"2020-02-06T20:29:01+00:00","author":{"@id":"https:\/\/quebichotemordeu.com\/cantinho\/#\/schema\/person\/c3e593a126ac162509df725c2a64f34e"},"description":"Todos os dias, Jason Polan desceu \u00e0s ruas para desenhar as pessoas que fazem pulsar as cidades. Transformou instantes ef\u00e9meros em tra\u00e7os eternos.","breadcrumb":{"@id":"https:\/\/quebichotemordeu.com\/cantinho\/2020\/02\/06\/todas-as-pessoas-da-cidade-no-caderno-de-jason\/#breadcrumb"},"inLanguage":"pt-PT","potentialAction":[{"@type":"ReadAction","target":["https:\/\/quebichotemordeu.com\/cantinho\/2020\/02\/06\/todas-as-pessoas-da-cidade-no-caderno-de-jason\/"]}]},{"@type":"ImageObject","inLanguage":"pt-PT","@id":"https:\/\/quebichotemordeu.com\/cantinho\/2020\/02\/06\/todas-as-pessoas-da-cidade-no-caderno-de-jason\/#primaryimage","url":"https:\/\/quebichotemordeu.com\/cantinho\/wp-content\/uploads\/sites\/2\/2020\/02\/jason-polan-1.png","contentUrl":"https:\/\/quebichotemordeu.com\/cantinho\/wp-content\/uploads\/sites\/2\/2020\/02\/jason-polan-1.png","width":950,"height":534},{"@type":"BreadcrumbList","@id":"https:\/\/quebichotemordeu.com\/cantinho\/2020\/02\/06\/todas-as-pessoas-da-cidade-no-caderno-de-jason\/#breadcrumb","itemListElement":[{"@type":"ListItem","position":1,"name":"In\u00edcio","item":"https:\/\/quebichotemordeu.com\/cantinho\/"},{"@type":"ListItem","position":2,"name":"Todas as pessoas da cidade no caderno de Jason"}]},{"@type":"WebSite","@id":"https:\/\/quebichotemordeu.com\/cantinho\/#website","url":"https:\/\/quebichotemordeu.com\/cantinho\/","name":"O cantinho dos Pap\u00e1s","description":"Mais um site Sites de Que Bicho Te Mordeu","potentialAction":[{"@type":"SearchAction","target":{"@type":"EntryPoint","urlTemplate":"https:\/\/quebichotemordeu.com\/cantinho\/?s={search_term_string}"},"query-input":{"@type":"PropertyValueSpecification","valueRequired":true,"valueName":"search_term_string"}}],"inLanguage":"pt-PT"},{"@type":"Person","@id":"https:\/\/quebichotemordeu.com\/cantinho\/#\/schema\/person\/c3e593a126ac162509df725c2a64f34e","name":"bichoqueconta","image":{"@type":"ImageObject","inLanguage":"pt-PT","@id":"https:\/\/quebichotemordeu.com\/cantinho\/#\/schema\/person\/image\/","url":"https:\/\/secure.gravatar.com\/avatar\/f706a31c77b384c6cbd7ab1ac1a751991857ea60dc7954081b886fb7403546a9?s=96&d=mm&r=g","contentUrl":"https:\/\/secure.gravatar.com\/avatar\/f706a31c77b384c6cbd7ab1ac1a751991857ea60dc7954081b886fb7403546a9?s=96&d=mm&r=g","caption":"bichoqueconta"},"sameAs":["https:\/\/quebichotemordeu.com"],"url":"https:\/\/quebichotemordeu.com\/cantinho\/author\/bichoqueconta\/"}]}},"_links":{"self":[{"href":"https:\/\/quebichotemordeu.com\/cantinho\/wp-json\/wp\/v2\/posts\/1499","targetHints":{"allow":["GET"]}}],"collection":[{"href":"https:\/\/quebichotemordeu.com\/cantinho\/wp-json\/wp\/v2\/posts"}],"about":[{"href":"https:\/\/quebichotemordeu.com\/cantinho\/wp-json\/wp\/v2\/types\/post"}],"author":[{"embeddable":true,"href":"https:\/\/quebichotemordeu.com\/cantinho\/wp-json\/wp\/v2\/users\/1"}],"replies":[{"embeddable":true,"href":"https:\/\/quebichotemordeu.com\/cantinho\/wp-json\/wp\/v2\/comments?post=1499"}],"version-history":[{"count":0,"href":"https:\/\/quebichotemordeu.com\/cantinho\/wp-json\/wp\/v2\/posts\/1499\/revisions"}],"wp:featuredmedia":[{"embeddable":true,"href":"https:\/\/quebichotemordeu.com\/cantinho\/wp-json\/wp\/v2\/media\/1510"}],"wp:attachment":[{"href":"https:\/\/quebichotemordeu.com\/cantinho\/wp-json\/wp\/v2\/media?parent=1499"}],"wp:term":[{"taxonomy":"category","embeddable":true,"href":"https:\/\/quebichotemordeu.com\/cantinho\/wp-json\/wp\/v2\/categories?post=1499"},{"taxonomy":"post_tag","embeddable":true,"href":"https:\/\/quebichotemordeu.com\/cantinho\/wp-json\/wp\/v2\/tags?post=1499"}],"curies":[{"name":"wp","href":"https:\/\/api.w.org\/{rel}","templated":true}]}}